{"id":177,"date":"2019-09-17T15:04:00","date_gmt":"2019-09-17T13:04:00","guid":{"rendered":"https:\/\/www.itcag.com\/de\/?p=177"},"modified":"2020-12-01T13:11:49","modified_gmt":"2020-12-01T12:11:49","slug":"teilnahme-am-it-day-bern","status":"publish","type":"post","link":"https:\/\/www.itcag.com\/de\/2019\/09\/17\/teilnahme-am-it-day-bern\/","title":{"rendered":"Teilnahme am IT-Day Bern"},"content":{"rendered":"\n<p>ITech Consult wird am ersten IT-Day Bern mit dabei sein! Durch unsere \u00fcber WTO-Ausschreibungen gewonnenen Rahmenvertr\u00e4ge mit Schweizer Bundesbeh\u00f6rden soll auch unser Netzwerk in Bern stetig wachsen. Um den Grundstein f\u00fcr eine erfolgreiche Zusammenarbeit direkt ab dem Hochschulabschluss zu legen, nutzen wir im Rahmen des get-together am IT-Day Bern die M\u00f6glichkeit, mit jungen IT-Absolventen in Kontakt zu kommen. Vielleicht sind auch Sie an einer Teilnahme interessiert?<\/p>\n\n\n\n<figure class=\"wp-block-embed\"><div class=\"wp-block-embed__wrapper\">\nhttps:\/\/together.ch\/de\/karriere\/events-messen\/114-it-day-bern\n<\/div><\/figure>\n","protected":false},"excerpt":{"rendered":"<p>ITech Consult wird am ersten IT-Day Bern mit dabei sein! Durch unsere \u00fcber WTO-Ausschreibungen gewonnenen Rahmenvertr\u00e4ge mit Schweizer Bundesbeh\u00f6rden soll auch unser Netzwerk in Bern stetig wachsen. Um den Grundstein f\u00fcr eine erfolgreiche Zusammenarbeit direkt ab dem Hochschulabschluss zu legen, nutzen wir im Rahmen des get-together am IT-Day Bern die M\u00f6glichkeit, mit jungen IT-Absolventen in [&hellip;]<\/p>\n","protected":false},"author":1,"featured_media":102,"comment_status":"closed","ping_status":"closed","sticky":false,"template":"","format":"standard","meta":{"_relevanssi_hide_post":"","_relevanssi_pin_for_all":"","_relevanssi_pin_keywords":"","_relevanssi_unpin_keywords":"","_relevanssi_related_keywords":"","_relevanssi_related_include_ids":"","_relevanssi_related_exclude_ids":"","_relevanssi_related_no_append":"","_relevanssi_related_not_related":"","_relevanssi_related_posts":"72,73,74,75,76,77","_relevanssi_noindex_reason":""},"categories":[5],"tags":[],"yoast_head":"<!-- This site is optimized with the Yoast SEO plugin v15.3 - https:\/\/yoast.com\/wordpress\/plugins\/seo\/ -->\n<title>Teilnahme am IT-Day Bern - German (DE)<\/title>\n<meta name=\"robots\" content=\"index, follow, max-snippet:-1, max-image-preview:large, max-video-preview:-1\" \/>\n<link rel=\"canonical\" href=\"https:\/\/www.itcag.com\/de\/2019\/09\/17\/teilnahme-am-it-day-bern\/\" \/>\n<meta property=\"og:locale\" content=\"de_DE\" \/>\n<meta property=\"og:type\" content=\"article\" \/>\n<meta property=\"og:title\" content=\"Teilnahme am IT-Day Bern - German (DE)\" \/>\n<meta property=\"og:description\" content=\"ITech Consult wird am ersten IT-Day Bern mit dabei sein! Durch unsere \u00fcber WTO-Ausschreibungen gewonnenen Rahmenvertr\u00e4ge mit Schweizer Bundesbeh\u00f6rden soll auch unser Netzwerk in Bern stetig wachsen. Um den Grundstein f\u00fcr eine erfolgreiche Zusammenarbeit direkt ab dem Hochschulabschluss zu legen, nutzen wir im Rahmen des get-together am IT-Day Bern die M\u00f6glichkeit, mit jungen IT-Absolventen in [&hellip;]\" \/>\n<meta property=\"og:url\" content=\"https:\/\/www.itcag.com\/de\/2019\/09\/17\/teilnahme-am-it-day-bern\/\" \/>\n<meta property=\"og:site_name\" content=\"German (DE)\" \/>\n<meta property=\"article:published_time\" content=\"2019-09-17T13:04:00+00:00\" \/>\n<meta property=\"article:modified_time\" content=\"2020-12-01T12:11:49+00:00\" \/>\n<meta property=\"og:image\" content=\"https:\/\/www.itcag.com\/de\/wp-content\/uploads\/sites\/3\/2016\/02\/itech-building.jpg\" \/>\n\t<meta property=\"og:image:width\" content=\"1502\" \/>\n\t<meta property=\"og:image:height\" content=\"1000\" \/>\n<meta name=\"twitter:card\" content=\"summary_large_image\" \/>\n<meta name=\"twitter:label1\" content=\"Verfasst von\">\n\t<meta name=\"twitter:data1\" content=\"dev.login\">\n\t<meta name=\"twitter:label2\" content=\"Gesch\u00e4tzte Lesezeit\">\n\t<meta name=\"twitter:data2\" content=\"0 Minuten\">\n<script type=\"application\/ld+json\" class=\"yoast-schema-graph\">{\"@context\":\"https:\/\/schema.org\",\"@graph\":[{\"@type\":\"Organization\",\"@id\":\"https:\/\/www.itcag.com\/de\/#organization\",\"name\":\"iTech Consult\",\"url\":\"https:\/\/www.itcag.com\/de\/\",\"sameAs\":[],\"logo\":{\"@type\":\"ImageObject\",\"@id\":\"https:\/\/www.itcag.com\/de\/#logo\",\"inLanguage\":\"de-DE\",\"url\":\"https:\/\/www.itcag.com\/de\/wp-content\/uploads\/sites\/3\/2020\/12\/logo.png\",\"width\":400,\"height\":400,\"caption\":\"iTech Consult\"},\"image\":{\"@id\":\"https:\/\/www.itcag.com\/de\/#logo\"}},{\"@type\":\"WebSite\",\"@id\":\"https:\/\/www.itcag.com\/de\/#website\",\"url\":\"https:\/\/www.itcag.com\/de\/\",\"name\":\"German (DE)\",\"description\":\"Recruitment Agency\",\"publisher\":{\"@id\":\"https:\/\/www.itcag.com\/de\/#organization\"},\"potentialAction\":[{\"@type\":\"SearchAction\",\"target\":\"https:\/\/www.itcag.com\/de\/?s={search_term_string}\",\"query-input\":\"required name=search_term_string\"}],\"inLanguage\":\"de-DE\"},{\"@type\":\"ImageObject\",\"@id\":\"https:\/\/www.itcag.com\/de\/2019\/09\/17\/teilnahme-am-it-day-bern\/#primaryimage\",\"inLanguage\":\"de-DE\",\"url\":\"https:\/\/www.itcag.com\/de\/wp-content\/uploads\/sites\/3\/2016\/02\/itech-building.jpg\",\"width\":1502,\"height\":1000},{\"@type\":\"WebPage\",\"@id\":\"https:\/\/www.itcag.com\/de\/2019\/09\/17\/teilnahme-am-it-day-bern\/#webpage\",\"url\":\"https:\/\/www.itcag.com\/de\/2019\/09\/17\/teilnahme-am-it-day-bern\/\",\"name\":\"Teilnahme am IT-Day Bern - German (DE)\",\"isPartOf\":{\"@id\":\"https:\/\/www.itcag.com\/de\/#website\"},\"primaryImageOfPage\":{\"@id\":\"https:\/\/www.itcag.com\/de\/2019\/09\/17\/teilnahme-am-it-day-bern\/#primaryimage\"},\"datePublished\":\"2019-09-17T13:04:00+00:00\",\"dateModified\":\"2020-12-01T12:11:49+00:00\",\"inLanguage\":\"de-DE\",\"potentialAction\":[{\"@type\":\"ReadAction\",\"target\":[\"https:\/\/www.itcag.com\/de\/2019\/09\/17\/teilnahme-am-it-day-bern\/\"]}]},{\"@type\":\"Article\",\"@id\":\"https:\/\/www.itcag.com\/de\/2019\/09\/17\/teilnahme-am-it-day-bern\/#article\",\"isPartOf\":{\"@id\":\"https:\/\/www.itcag.com\/de\/2019\/09\/17\/teilnahme-am-it-day-bern\/#webpage\"},\"author\":{\"@id\":\"https:\/\/www.itcag.com\/de\/#\/schema\/person\/3a4195b453191494e9022de1bc78ee13\"},\"headline\":\"Teilnahme am IT-Day Bern\",\"datePublished\":\"2019-09-17T13:04:00+00:00\",\"dateModified\":\"2020-12-01T12:11:49+00:00\",\"mainEntityOfPage\":{\"@id\":\"https:\/\/www.itcag.com\/de\/2019\/09\/17\/teilnahme-am-it-day-bern\/#webpage\"},\"publisher\":{\"@id\":\"https:\/\/www.itcag.com\/de\/#organization\"},\"image\":{\"@id\":\"https:\/\/www.itcag.com\/de\/2019\/09\/17\/teilnahme-am-it-day-bern\/#primaryimage\"},\"articleSection\":\"News Archive\",\"inLanguage\":\"de-DE\"},{\"@type\":\"Person\",\"@id\":\"https:\/\/www.itcag.com\/de\/#\/schema\/person\/3a4195b453191494e9022de1bc78ee13\",\"name\":\"dev.login\",\"image\":{\"@type\":\"ImageObject\",\"@id\":\"https:\/\/www.itcag.com\/de\/#personlogo\",\"inLanguage\":\"de-DE\",\"url\":\"https:\/\/secure.gravatar.com\/avatar\/1b79a750cbde7bffbf5be15505b13fea?s=96&d=mm&r=g\",\"caption\":\"dev.login\"},\"sameAs\":[\"https:\/\/www.itcag.com\/\"]}]}<\/script>\n<!-- \/ Yoast SEO plugin. -->","_links":{"self":[{"href":"https:\/\/www.itcag.com\/de\/wp-json\/wp\/v2\/posts\/177"}],"collection":[{"href":"https:\/\/www.itcag.com\/de\/wp-json\/wp\/v2\/posts"}],"about":[{"href":"https:\/\/www.itcag.com\/de\/wp-json\/wp\/v2\/types\/post"}],"author":[{"embeddable":true,"href":"https:\/\/www.itcag.com\/de\/wp-json\/wp\/v2\/users\/1"}],"replies":[{"embeddable":true,"href":"https:\/\/www.itcag.com\/de\/wp-json\/wp\/v2\/comments?post=177"}],"version-history":[{"count":0,"href":"https:\/\/www.itcag.com\/de\/wp-json\/wp\/v2\/posts\/177\/revisions"}],"wp:featuredmedia":[{"embeddable":true,"href":"https:\/\/www.itcag.com\/de\/wp-json\/wp\/v2\/media\/102"}],"wp:attachment":[{"href":"https:\/\/www.itcag.com\/de\/wp-json\/wp\/v2\/media?parent=177"}],"wp:term":[{"taxonomy":"category","embeddable":true,"href":"https:\/\/www.itcag.com\/de\/wp-json\/wp\/v2\/categories?post=177"},{"taxonomy":"post_tag","embeddable":true,"href":"https:\/\/www.itcag.com\/de\/wp-json\/wp\/v2\/tags?post=177"}],"curies":[{"name":"wp","href":"https:\/\/api.w.org\/{rel}","templated":true}]}}