{"id":213,"date":"2014-02-14T15:34:00","date_gmt":"2014-02-14T14:34:00","guid":{"rendered":"https:\/\/www.itcag.com\/de\/?p=213"},"modified":"2020-12-01T13:11:52","modified_gmt":"2020-12-01T12:11:52","slug":"die-volksabstimmung-am-vergangenen-sonntag","status":"publish","type":"post","link":"https:\/\/www.itcag.com\/de\/2014\/02\/14\/die-volksabstimmung-am-vergangenen-sonntag\/","title":{"rendered":"Die Volksabstimmung am vergangenen Sonntag"},"content":{"rendered":"\n<p>Die Volksabstimmung am vergangenen Sonntag, den 09.02.2014 zur Begrenzung der Zuwanderung sorgt f\u00fcr viel Diskussionsstoff. Die Schweizer Regierung hat nun drei Jahre Zeit f\u00fcr eine Umsetzung.<\/p>\n\n\n\n<p>Vorerst \u00e4ndert sich f\u00fcr ausl\u00e4ndische Arbeitnehmer nichts. Mit einem schweizerischen Arbeitsvertrag ist es nach wie vor mit geringem administrativen Aufwand m\u00f6glich, eine Aufenthaltsbewilligung zu erhalten. Alle EU-B\u00fcrger in der Schweiz haben auch keine kurzfristigen \u00c4nderungen zu bef\u00fcrchten.<\/p>\n\n\n\n<p><a href=\"http:\/\/www.admin.ch\/aktuell\/00089\/index.html?lang=de&amp;msg-id=51948\">Mehr Informationen<\/a><\/p>\n\n\n\n<p>Wir werden Sie gerne hier \u00fcber die Entwicklungen auf dem Laufenden halten.<\/p>\n\n\n\n<p>Als freiberuflicher Informatiker m\u00f6chten Sie von uns direkt informiert werden, wenn es konkrete Ver\u00e4nderungen f\u00fcr Projektarbeiten in der Schweiz gibt? Dann senden Sie uns einfach eine E-Mail an <a href=\"mailto:service@itcag.com\">service@itcag.com<\/a> mit dem Betreff \u201cInfo zur Arbeit in der Schweiz\u201d. Wir werden Sie gerne in unseren Verteiler aufnehmen.<\/p>\n\n\n\n<p><\/p>\n","protected":false},"excerpt":{"rendered":"<p>Die Volksabstimmung am vergangenen Sonntag, den 09.02.2014 zur Begrenzung der Zuwanderung sorgt f\u00fcr viel Diskussionsstoff. Die Schweizer Regierung hat nun drei Jahre Zeit f\u00fcr eine Umsetzung. Vorerst \u00e4ndert sich f\u00fcr ausl\u00e4ndische Arbeitnehmer nichts. Mit einem schweizerischen Arbeitsvertrag ist es nach wie vor mit geringem administrativen Aufwand m\u00f6glich, eine Aufenthaltsbewilligung zu erhalten. Alle EU-B\u00fcrger in der [&hellip;]<\/p>\n","protected":false},"author":1,"featured_media":0,"comment_status":"closed","ping_status":"closed","sticky":false,"template":"","format":"standard","meta":{"_relevanssi_hide_post":"","_relevanssi_pin_for_all":"","_relevanssi_pin_keywords":"","_relevanssi_unpin_keywords":"","_relevanssi_related_keywords":"","_relevanssi_related_include_ids":"","_relevanssi_related_exclude_ids":"","_relevanssi_related_no_append":"","_relevanssi_related_not_related":"","_relevanssi_related_posts":"72,73,74,75,76,77","_relevanssi_noindex_reason":""},"categories":[5],"tags":[],"yoast_head":"<!-- This site is optimized with the Yoast SEO plugin v15.3 - https:\/\/yoast.com\/wordpress\/plugins\/seo\/ -->\n<title>Die Volksabstimmung am vergangenen Sonntag - German (DE)<\/title>\n<meta name=\"robots\" content=\"index, follow, max-snippet:-1, max-image-preview:large, max-video-preview:-1\" \/>\n<link rel=\"canonical\" href=\"https:\/\/www.itcag.com\/de\/2014\/02\/14\/die-volksabstimmung-am-vergangenen-sonntag\/\" \/>\n<meta property=\"og:locale\" content=\"de_DE\" \/>\n<meta property=\"og:type\" content=\"article\" \/>\n<meta property=\"og:title\" content=\"Die Volksabstimmung am vergangenen Sonntag - German (DE)\" \/>\n<meta property=\"og:description\" content=\"Die Volksabstimmung am vergangenen Sonntag, den 09.02.2014 zur Begrenzung der Zuwanderung sorgt f\u00fcr viel Diskussionsstoff. Die Schweizer Regierung hat nun drei Jahre Zeit f\u00fcr eine Umsetzung. Vorerst \u00e4ndert sich f\u00fcr ausl\u00e4ndische Arbeitnehmer nichts. Mit einem schweizerischen Arbeitsvertrag ist es nach wie vor mit geringem administrativen Aufwand m\u00f6glich, eine Aufenthaltsbewilligung zu erhalten. Alle EU-B\u00fcrger in der [&hellip;]\" \/>\n<meta property=\"og:url\" content=\"https:\/\/www.itcag.com\/de\/2014\/02\/14\/die-volksabstimmung-am-vergangenen-sonntag\/\" \/>\n<meta property=\"og:site_name\" content=\"German (DE)\" \/>\n<meta property=\"article:published_time\" content=\"2014-02-14T14:34:00+00:00\" \/>\n<meta property=\"article:modified_time\" content=\"2020-12-01T12:11:52+00:00\" \/>\n<meta property=\"og:image\" content=\"https:\/\/www.itcag.com\/de\/wp-content\/uploads\/sites\/3\/2020\/12\/logo.png\" \/>\n\t<meta property=\"og:image:width\" content=\"400\" \/>\n\t<meta property=\"og:image:height\" content=\"400\" \/>\n<meta name=\"twitter:card\" content=\"summary_large_image\" \/>\n<meta name=\"twitter:label1\" content=\"Verfasst von\">\n\t<meta name=\"twitter:data1\" content=\"dev.login\">\n\t<meta name=\"twitter:label2\" content=\"Gesch\u00e4tzte Lesezeit\">\n\t<meta name=\"twitter:data2\" content=\"1 Minute\">\n<script type=\"application\/ld+json\" class=\"yoast-schema-graph\">{\"@context\":\"https:\/\/schema.org\",\"@graph\":[{\"@type\":\"Organization\",\"@id\":\"https:\/\/www.itcag.com\/de\/#organization\",\"name\":\"iTech Consult\",\"url\":\"https:\/\/www.itcag.com\/de\/\",\"sameAs\":[],\"logo\":{\"@type\":\"ImageObject\",\"@id\":\"https:\/\/www.itcag.com\/de\/#logo\",\"inLanguage\":\"de-DE\",\"url\":\"https:\/\/www.itcag.com\/de\/wp-content\/uploads\/sites\/3\/2020\/12\/logo.png\",\"width\":400,\"height\":400,\"caption\":\"iTech Consult\"},\"image\":{\"@id\":\"https:\/\/www.itcag.com\/de\/#logo\"}},{\"@type\":\"WebSite\",\"@id\":\"https:\/\/www.itcag.com\/de\/#website\",\"url\":\"https:\/\/www.itcag.com\/de\/\",\"name\":\"German (DE)\",\"description\":\"Recruitment Agency\",\"publisher\":{\"@id\":\"https:\/\/www.itcag.com\/de\/#organization\"},\"potentialAction\":[{\"@type\":\"SearchAction\",\"target\":\"https:\/\/www.itcag.com\/de\/?s={search_term_string}\",\"query-input\":\"required name=search_term_string\"}],\"inLanguage\":\"de-DE\"},{\"@type\":\"WebPage\",\"@id\":\"https:\/\/www.itcag.com\/de\/2014\/02\/14\/die-volksabstimmung-am-vergangenen-sonntag\/#webpage\",\"url\":\"https:\/\/www.itcag.com\/de\/2014\/02\/14\/die-volksabstimmung-am-vergangenen-sonntag\/\",\"name\":\"Die Volksabstimmung am vergangenen Sonntag - German (DE)\",\"isPartOf\":{\"@id\":\"https:\/\/www.itcag.com\/de\/#website\"},\"datePublished\":\"2014-02-14T14:34:00+00:00\",\"dateModified\":\"2020-12-01T12:11:52+00:00\",\"inLanguage\":\"de-DE\",\"potentialAction\":[{\"@type\":\"ReadAction\",\"target\":[\"https:\/\/www.itcag.com\/de\/2014\/02\/14\/die-volksabstimmung-am-vergangenen-sonntag\/\"]}]},{\"@type\":\"Article\",\"@id\":\"https:\/\/www.itcag.com\/de\/2014\/02\/14\/die-volksabstimmung-am-vergangenen-sonntag\/#article\",\"isPartOf\":{\"@id\":\"https:\/\/www.itcag.com\/de\/2014\/02\/14\/die-volksabstimmung-am-vergangenen-sonntag\/#webpage\"},\"author\":{\"@id\":\"https:\/\/www.itcag.com\/de\/#\/schema\/person\/3a4195b453191494e9022de1bc78ee13\"},\"headline\":\"Die Volksabstimmung am vergangenen Sonntag\",\"datePublished\":\"2014-02-14T14:34:00+00:00\",\"dateModified\":\"2020-12-01T12:11:52+00:00\",\"mainEntityOfPage\":{\"@id\":\"https:\/\/www.itcag.com\/de\/2014\/02\/14\/die-volksabstimmung-am-vergangenen-sonntag\/#webpage\"},\"publisher\":{\"@id\":\"https:\/\/www.itcag.com\/de\/#organization\"},\"articleSection\":\"News Archive\",\"inLanguage\":\"de-DE\"},{\"@type\":\"Person\",\"@id\":\"https:\/\/www.itcag.com\/de\/#\/schema\/person\/3a4195b453191494e9022de1bc78ee13\",\"name\":\"dev.login\",\"image\":{\"@type\":\"ImageObject\",\"@id\":\"https:\/\/www.itcag.com\/de\/#personlogo\",\"inLanguage\":\"de-DE\",\"url\":\"https:\/\/secure.gravatar.com\/avatar\/1b79a750cbde7bffbf5be15505b13fea?s=96&d=mm&r=g\",\"caption\":\"dev.login\"},\"sameAs\":[\"https:\/\/www.itcag.com\/\"]}]}<\/script>\n<!-- \/ Yoast SEO plugin. -->","_links":{"self":[{"href":"https:\/\/www.itcag.com\/de\/wp-json\/wp\/v2\/posts\/213"}],"collection":[{"href":"https:\/\/www.itcag.com\/de\/wp-json\/wp\/v2\/posts"}],"about":[{"href":"https:\/\/www.itcag.com\/de\/wp-json\/wp\/v2\/types\/post"}],"author":[{"embeddable":true,"href":"https:\/\/www.itcag.com\/de\/wp-json\/wp\/v2\/users\/1"}],"replies":[{"embeddable":true,"href":"https:\/\/www.itcag.com\/de\/wp-json\/wp\/v2\/comments?post=213"}],"version-history":[{"count":0,"href":"https:\/\/www.itcag.com\/de\/wp-json\/wp\/v2\/posts\/213\/revisions"}],"wp:attachment":[{"href":"https:\/\/www.itcag.com\/de\/wp-json\/wp\/v2\/media?parent=213"}],"wp:term":[{"taxonomy":"category","embeddable":true,"href":"https:\/\/www.itcag.com\/de\/wp-json\/wp\/v2\/categories?post=213"},{"taxonomy":"post_tag","embeddable":true,"href":"https:\/\/www.itcag.com\/de\/wp-json\/wp\/v2\/tags?post=213"}],"curies":[{"name":"wp","href":"https:\/\/api.w.org\/{rel}","templated":true}]}}