{"id":90,"date":"2014-06-17T14:45:00","date_gmt":"2014-06-17T12:45:00","guid":{"rendered":"https:\/\/www.itcag.com\/de\/?p=90"},"modified":"2020-12-01T13:11:52","modified_gmt":"2020-12-01T12:11:52","slug":"itech-consult-ag-mochte-den-kontakt-zu-den-freiberuflern-halten-die-aktuell-und-fruher-im-auftrag-von-itech-consult-ag-eingesetzt-wurden","status":"publish","type":"post","link":"https:\/\/www.itcag.com\/de\/2014\/06\/17\/itech-consult-ag-mochte-den-kontakt-zu-den-freiberuflern-halten-die-aktuell-und-fruher-im-auftrag-von-itech-consult-ag-eingesetzt-wurden\/","title":{"rendered":"ITech Consult AG m\u00f6chte den Kontakt zu den Freiberuflern halten, die aktuell und fr\u00fcher im Auftrag von ITech Consult AG eingesetzt wurden"},"content":{"rendered":"\n<p>ITech Consult AG m\u00f6chte den Kontakt zu den Freiberuflern halten, die aktuell und fr\u00fcher im Auftrag von ITech Consult AG eingesetzt wurden. Dazu haben wir die ITech Consult Alumni Gruppe gegr\u00fcndet. Bei Interesse freut sich Herr Corsin Derungs (<a href=\"mailto:cderungs@itcag.com\">cderungs@itcag.com<\/a>) auf Ihre Kontaktaufnahme.<\/p>\n\n\n\n<p>Wir freuen uns, viele unserer \u201eEhemaligen\u201c wieder einmal zu sehen.<\/p>\n","protected":false},"excerpt":{"rendered":"<p>ITech Consult AG m\u00f6chte den Kontakt zu den Freiberuflern halten, die aktuell und fr\u00fcher im Auftrag von ITech Consult AG eingesetzt wurden. Dazu haben wir die ITech Consult Alumni Gruppe gegr\u00fcndet. Bei Interesse freut sich Herr Corsin Derungs (cderungs@itcag.com) auf Ihre Kontaktaufnahme. Wir freuen uns, viele unserer \u201eEhemaligen\u201c wieder einmal zu sehen.<\/p>\n","protected":false},"author":1,"featured_media":0,"comment_status":"closed","ping_status":"closed","sticky":false,"template":"","format":"standard","meta":{"_relevanssi_hide_post":"","_relevanssi_pin_for_all":"","_relevanssi_pin_keywords":"","_relevanssi_unpin_keywords":"","_relevanssi_related_keywords":"","_relevanssi_related_include_ids":"","_relevanssi_related_exclude_ids":"","_relevanssi_related_no_append":"","_relevanssi_related_not_related":"","_relevanssi_related_posts":"72,73,74,75,76,77","_relevanssi_noindex_reason":""},"categories":[5],"tags":[],"yoast_head":"<!-- This site is optimized with the Yoast SEO plugin v15.3 - https:\/\/yoast.com\/wordpress\/plugins\/seo\/ -->\n<title>ITech Consult AG m\u00f6chte den Kontakt zu den Freiberuflern halten, die aktuell und fr\u00fcher im Auftrag von ITech Consult AG eingesetzt wurden - German (DE)<\/title>\n<meta name=\"robots\" content=\"index, follow, max-snippet:-1, max-image-preview:large, max-video-preview:-1\" \/>\n<link rel=\"canonical\" href=\"https:\/\/www.itcag.com\/de\/2014\/06\/17\/itech-consult-ag-mochte-den-kontakt-zu-den-freiberuflern-halten-die-aktuell-und-fruher-im-auftrag-von-itech-consult-ag-eingesetzt-wurden\/\" \/>\n<meta property=\"og:locale\" content=\"de_DE\" \/>\n<meta property=\"og:type\" content=\"article\" \/>\n<meta property=\"og:title\" content=\"ITech Consult AG m\u00f6chte den Kontakt zu den Freiberuflern halten, die aktuell und fr\u00fcher im Auftrag von ITech Consult AG eingesetzt wurden - German (DE)\" \/>\n<meta property=\"og:description\" content=\"ITech Consult AG m\u00f6chte den Kontakt zu den Freiberuflern halten, die aktuell und fr\u00fcher im Auftrag von ITech Consult AG eingesetzt wurden. Dazu haben wir die ITech Consult Alumni Gruppe gegr\u00fcndet. Bei Interesse freut sich Herr Corsin Derungs (cderungs@itcag.com) auf Ihre Kontaktaufnahme. Wir freuen uns, viele unserer \u201eEhemaligen\u201c wieder einmal zu sehen.\" \/>\n<meta property=\"og:url\" content=\"https:\/\/www.itcag.com\/de\/2014\/06\/17\/itech-consult-ag-mochte-den-kontakt-zu-den-freiberuflern-halten-die-aktuell-und-fruher-im-auftrag-von-itech-consult-ag-eingesetzt-wurden\/\" \/>\n<meta property=\"og:site_name\" content=\"German (DE)\" \/>\n<meta property=\"article:published_time\" content=\"2014-06-17T12:45:00+00:00\" \/>\n<meta property=\"article:modified_time\" content=\"2020-12-01T12:11:52+00:00\" \/>\n<meta property=\"og:image\" content=\"https:\/\/www.itcag.com\/de\/wp-content\/uploads\/sites\/3\/2020\/12\/logo.png\" \/>\n\t<meta property=\"og:image:width\" content=\"400\" \/>\n\t<meta property=\"og:image:height\" content=\"400\" \/>\n<meta name=\"twitter:card\" content=\"summary_large_image\" \/>\n<meta name=\"twitter:label1\" content=\"Verfasst von\">\n\t<meta name=\"twitter:data1\" content=\"dev.login\">\n\t<meta name=\"twitter:label2\" content=\"Gesch\u00e4tzte Lesezeit\">\n\t<meta name=\"twitter:data2\" content=\"0 Minuten\">\n<script type=\"application\/ld+json\" class=\"yoast-schema-graph\">{\"@context\":\"https:\/\/schema.org\",\"@graph\":[{\"@type\":\"Organization\",\"@id\":\"https:\/\/www.itcag.com\/de\/#organization\",\"name\":\"iTech Consult\",\"url\":\"https:\/\/www.itcag.com\/de\/\",\"sameAs\":[],\"logo\":{\"@type\":\"ImageObject\",\"@id\":\"https:\/\/www.itcag.com\/de\/#logo\",\"inLanguage\":\"de-DE\",\"url\":\"https:\/\/www.itcag.com\/de\/wp-content\/uploads\/sites\/3\/2020\/12\/logo.png\",\"width\":400,\"height\":400,\"caption\":\"iTech Consult\"},\"image\":{\"@id\":\"https:\/\/www.itcag.com\/de\/#logo\"}},{\"@type\":\"WebSite\",\"@id\":\"https:\/\/www.itcag.com\/de\/#website\",\"url\":\"https:\/\/www.itcag.com\/de\/\",\"name\":\"German (DE)\",\"description\":\"Recruitment Agency\",\"publisher\":{\"@id\":\"https:\/\/www.itcag.com\/de\/#organization\"},\"potentialAction\":[{\"@type\":\"SearchAction\",\"target\":\"https:\/\/www.itcag.com\/de\/?s={search_term_string}\",\"query-input\":\"required name=search_term_string\"}],\"inLanguage\":\"de-DE\"},{\"@type\":\"WebPage\",\"@id\":\"https:\/\/www.itcag.com\/de\/2014\/06\/17\/itech-consult-ag-mochte-den-kontakt-zu-den-freiberuflern-halten-die-aktuell-und-fruher-im-auftrag-von-itech-consult-ag-eingesetzt-wurden\/#webpage\",\"url\":\"https:\/\/www.itcag.com\/de\/2014\/06\/17\/itech-consult-ag-mochte-den-kontakt-zu-den-freiberuflern-halten-die-aktuell-und-fruher-im-auftrag-von-itech-consult-ag-eingesetzt-wurden\/\",\"name\":\"ITech Consult AG m\\u00f6chte den Kontakt zu den Freiberuflern halten, die aktuell und fr\\u00fcher im Auftrag von ITech Consult AG eingesetzt wurden - German (DE)\",\"isPartOf\":{\"@id\":\"https:\/\/www.itcag.com\/de\/#website\"},\"datePublished\":\"2014-06-17T12:45:00+00:00\",\"dateModified\":\"2020-12-01T12:11:52+00:00\",\"inLanguage\":\"de-DE\",\"potentialAction\":[{\"@type\":\"ReadAction\",\"target\":[\"https:\/\/www.itcag.com\/de\/2014\/06\/17\/itech-consult-ag-mochte-den-kontakt-zu-den-freiberuflern-halten-die-aktuell-und-fruher-im-auftrag-von-itech-consult-ag-eingesetzt-wurden\/\"]}]},{\"@type\":\"Article\",\"@id\":\"https:\/\/www.itcag.com\/de\/2014\/06\/17\/itech-consult-ag-mochte-den-kontakt-zu-den-freiberuflern-halten-die-aktuell-und-fruher-im-auftrag-von-itech-consult-ag-eingesetzt-wurden\/#article\",\"isPartOf\":{\"@id\":\"https:\/\/www.itcag.com\/de\/2014\/06\/17\/itech-consult-ag-mochte-den-kontakt-zu-den-freiberuflern-halten-die-aktuell-und-fruher-im-auftrag-von-itech-consult-ag-eingesetzt-wurden\/#webpage\"},\"author\":{\"@id\":\"https:\/\/www.itcag.com\/de\/#\/schema\/person\/3a4195b453191494e9022de1bc78ee13\"},\"headline\":\"ITech Consult AG m\\u00f6chte den Kontakt zu den Freiberuflern halten, die aktuell und fr\\u00fcher im Auftrag von ITech Consult AG eingesetzt wurden\",\"datePublished\":\"2014-06-17T12:45:00+00:00\",\"dateModified\":\"2020-12-01T12:11:52+00:00\",\"mainEntityOfPage\":{\"@id\":\"https:\/\/www.itcag.com\/de\/2014\/06\/17\/itech-consult-ag-mochte-den-kontakt-zu-den-freiberuflern-halten-die-aktuell-und-fruher-im-auftrag-von-itech-consult-ag-eingesetzt-wurden\/#webpage\"},\"publisher\":{\"@id\":\"https:\/\/www.itcag.com\/de\/#organization\"},\"articleSection\":\"News Archive\",\"inLanguage\":\"de-DE\"},{\"@type\":\"Person\",\"@id\":\"https:\/\/www.itcag.com\/de\/#\/schema\/person\/3a4195b453191494e9022de1bc78ee13\",\"name\":\"dev.login\",\"image\":{\"@type\":\"ImageObject\",\"@id\":\"https:\/\/www.itcag.com\/de\/#personlogo\",\"inLanguage\":\"de-DE\",\"url\":\"https:\/\/secure.gravatar.com\/avatar\/1b79a750cbde7bffbf5be15505b13fea?s=96&d=mm&r=g\",\"caption\":\"dev.login\"},\"sameAs\":[\"https:\/\/www.itcag.com\/\"]}]}<\/script>\n<!-- \/ Yoast SEO plugin. -->","_links":{"self":[{"href":"https:\/\/www.itcag.com\/de\/wp-json\/wp\/v2\/posts\/90"}],"collection":[{"href":"https:\/\/www.itcag.com\/de\/wp-json\/wp\/v2\/posts"}],"about":[{"href":"https:\/\/www.itcag.com\/de\/wp-json\/wp\/v2\/types\/post"}],"author":[{"embeddable":true,"href":"https:\/\/www.itcag.com\/de\/wp-json\/wp\/v2\/users\/1"}],"replies":[{"embeddable":true,"href":"https:\/\/www.itcag.com\/de\/wp-json\/wp\/v2\/comments?post=90"}],"version-history":[{"count":0,"href":"https:\/\/www.itcag.com\/de\/wp-json\/wp\/v2\/posts\/90\/revisions"}],"wp:attachment":[{"href":"https:\/\/www.itcag.com\/de\/wp-json\/wp\/v2\/media?parent=90"}],"wp:term":[{"taxonomy":"category","embeddable":true,"href":"https:\/\/www.itcag.com\/de\/wp-json\/wp\/v2\/categories?post=90"},{"taxonomy":"post_tag","embeddable":true,"href":"https:\/\/www.itcag.com\/de\/wp-json\/wp\/v2\/tags?post=90"}],"curies":[{"name":"wp","href":"https:\/\/api.w.org\/{rel}","templated":true}]}}