{"id":99,"date":"2013-02-21T14:50:00","date_gmt":"2013-02-21T13:50:00","guid":{"rendered":"https:\/\/www.itcag.com\/de\/?p=99"},"modified":"2020-12-01T13:11:53","modified_gmt":"2020-12-01T12:11:53","slug":"im-jahr-2012-feierte-die-itech-consult-ag-ihr-15-jahriges-jubilaum-seit-der-grundung-im-jahr-1997-hat-sich-einiges-verandert-und-auch-vergrossert","status":"publish","type":"post","link":"https:\/\/www.itcag.com\/de\/2013\/02\/21\/im-jahr-2012-feierte-die-itech-consult-ag-ihr-15-jahriges-jubilaum-seit-der-grundung-im-jahr-1997-hat-sich-einiges-verandert-und-auch-vergrossert\/","title":{"rendered":"Im Jahr 2012 feierte die ITech Consult AG ihr 15-j\u00e4hriges Jubil\u00e4um! Seit der Gr\u00fcndung im Jahr 1997 hat sich einiges ver\u00e4ndert und auch vergr\u00f6ssert."},"content":{"rendered":"\n<p>Im Jahr 2012 feierte die ITech Consult AG ihr 15-j\u00e4hriges Jubil\u00e4um! Seit der Gr\u00fcndung im Jahr 1997 hat sich einiges ver\u00e4ndert und auch vergr\u00f6ssert. Zur Jubil\u00e4umsfeier haben wir \u00fcbers Jahr verteilt gleich drei Kunden-Events organisiert: Im Januar luden wir zum Eisstockschiessen im Z\u00fcrcher Dolder, f\u00fcr den Mai haben wir einen B\u00fcndner Abend inkl. Lesung und musikalischer Untermalung organisiert, und im September schliesslich fand ein Kochevent mit kulinarischer Reise um die Welt statt. Wir haben uns sehr gefreut, dieses Jubil\u00e4um mit unseren Kunden teilen zu k\u00f6nnen und hoffen nat\u00fcrlich, noch viele weitere erfolgreiche Jahre mit Ihnen erleben zu d\u00fcrfen!<\/p>\n\n\n\n<p>Wie jedes Jahr hat die ITech Consult auch im 2012 eine grossz\u00fcgige Spende an eine gemeinn\u00fctzige Organisation gemacht: Diese kam der Kinderkrebshilfe Schweiz in Olten zugute.<\/p>\n","protected":false},"excerpt":{"rendered":"<p>Im Jahr 2012 feierte die ITech Consult AG ihr 15-j\u00e4hriges Jubil\u00e4um! Seit der Gr\u00fcndung im Jahr 1997 hat sich einiges ver\u00e4ndert und auch vergr\u00f6ssert. Zur Jubil\u00e4umsfeier haben wir \u00fcbers Jahr verteilt gleich drei Kunden-Events organisiert: Im Januar luden wir zum Eisstockschiessen im Z\u00fcrcher Dolder, f\u00fcr den Mai haben wir einen B\u00fcndner Abend inkl. Lesung und [&hellip;]<\/p>\n","protected":false},"author":1,"featured_media":0,"comment_status":"closed","ping_status":"closed","sticky":false,"template":"","format":"standard","meta":{"_relevanssi_hide_post":"","_relevanssi_pin_for_all":"","_relevanssi_pin_keywords":"","_relevanssi_unpin_keywords":"","_relevanssi_related_keywords":"","_relevanssi_related_include_ids":"","_relevanssi_related_exclude_ids":"","_relevanssi_related_no_append":"","_relevanssi_related_not_related":"","_relevanssi_related_posts":"72,73,74,75,76,77","_relevanssi_noindex_reason":""},"categories":[5],"tags":[],"yoast_head":"<!-- This site is optimized with the Yoast SEO plugin v15.3 - https:\/\/yoast.com\/wordpress\/plugins\/seo\/ -->\n<title>Im Jahr 2012 feierte die ITech Consult AG ihr 15-j\u00e4hriges Jubil\u00e4um! Seit der Gr\u00fcndung im Jahr 1997 hat sich einiges ver\u00e4ndert und auch vergr\u00f6ssert. - German (DE)<\/title>\n<meta name=\"robots\" content=\"index, follow, max-snippet:-1, max-image-preview:large, max-video-preview:-1\" \/>\n<link rel=\"canonical\" href=\"https:\/\/www.itcag.com\/de\/2013\/02\/21\/im-jahr-2012-feierte-die-itech-consult-ag-ihr-15-jahriges-jubilaum-seit-der-grundung-im-jahr-1997-hat-sich-einiges-verandert-und-auch-vergrossert\/\" \/>\n<meta property=\"og:locale\" content=\"de_DE\" \/>\n<meta property=\"og:type\" content=\"article\" \/>\n<meta property=\"og:title\" content=\"Im Jahr 2012 feierte die ITech Consult AG ihr 15-j\u00e4hriges Jubil\u00e4um! Seit der Gr\u00fcndung im Jahr 1997 hat sich einiges ver\u00e4ndert und auch vergr\u00f6ssert. - German (DE)\" \/>\n<meta property=\"og:description\" content=\"Im Jahr 2012 feierte die ITech Consult AG ihr 15-j\u00e4hriges Jubil\u00e4um! Seit der Gr\u00fcndung im Jahr 1997 hat sich einiges ver\u00e4ndert und auch vergr\u00f6ssert. Zur Jubil\u00e4umsfeier haben wir \u00fcbers Jahr verteilt gleich drei Kunden-Events organisiert: Im Januar luden wir zum Eisstockschiessen im Z\u00fcrcher Dolder, f\u00fcr den Mai haben wir einen B\u00fcndner Abend inkl. Lesung und [&hellip;]\" \/>\n<meta property=\"og:url\" content=\"https:\/\/www.itcag.com\/de\/2013\/02\/21\/im-jahr-2012-feierte-die-itech-consult-ag-ihr-15-jahriges-jubilaum-seit-der-grundung-im-jahr-1997-hat-sich-einiges-verandert-und-auch-vergrossert\/\" \/>\n<meta property=\"og:site_name\" content=\"German (DE)\" \/>\n<meta property=\"article:published_time\" content=\"2013-02-21T13:50:00+00:00\" \/>\n<meta property=\"article:modified_time\" content=\"2020-12-01T12:11:53+00:00\" \/>\n<meta property=\"og:image\" content=\"https:\/\/www.itcag.com\/de\/wp-content\/uploads\/sites\/3\/2020\/12\/logo.png\" \/>\n\t<meta property=\"og:image:width\" content=\"400\" \/>\n\t<meta property=\"og:image:height\" content=\"400\" \/>\n<meta name=\"twitter:card\" content=\"summary_large_image\" \/>\n<meta name=\"twitter:label1\" content=\"Verfasst von\">\n\t<meta name=\"twitter:data1\" content=\"dev.login\">\n\t<meta name=\"twitter:label2\" content=\"Gesch\u00e4tzte Lesezeit\">\n\t<meta name=\"twitter:data2\" content=\"1 Minute\">\n<script type=\"application\/ld+json\" class=\"yoast-schema-graph\">{\"@context\":\"https:\/\/schema.org\",\"@graph\":[{\"@type\":\"Organization\",\"@id\":\"https:\/\/www.itcag.com\/de\/#organization\",\"name\":\"iTech Consult\",\"url\":\"https:\/\/www.itcag.com\/de\/\",\"sameAs\":[],\"logo\":{\"@type\":\"ImageObject\",\"@id\":\"https:\/\/www.itcag.com\/de\/#logo\",\"inLanguage\":\"de-DE\",\"url\":\"https:\/\/www.itcag.com\/de\/wp-content\/uploads\/sites\/3\/2020\/12\/logo.png\",\"width\":400,\"height\":400,\"caption\":\"iTech Consult\"},\"image\":{\"@id\":\"https:\/\/www.itcag.com\/de\/#logo\"}},{\"@type\":\"WebSite\",\"@id\":\"https:\/\/www.itcag.com\/de\/#website\",\"url\":\"https:\/\/www.itcag.com\/de\/\",\"name\":\"German (DE)\",\"description\":\"Recruitment Agency\",\"publisher\":{\"@id\":\"https:\/\/www.itcag.com\/de\/#organization\"},\"potentialAction\":[{\"@type\":\"SearchAction\",\"target\":\"https:\/\/www.itcag.com\/de\/?s={search_term_string}\",\"query-input\":\"required name=search_term_string\"}],\"inLanguage\":\"de-DE\"},{\"@type\":\"WebPage\",\"@id\":\"https:\/\/www.itcag.com\/de\/2013\/02\/21\/im-jahr-2012-feierte-die-itech-consult-ag-ihr-15-jahriges-jubilaum-seit-der-grundung-im-jahr-1997-hat-sich-einiges-verandert-und-auch-vergrossert\/#webpage\",\"url\":\"https:\/\/www.itcag.com\/de\/2013\/02\/21\/im-jahr-2012-feierte-die-itech-consult-ag-ihr-15-jahriges-jubilaum-seit-der-grundung-im-jahr-1997-hat-sich-einiges-verandert-und-auch-vergrossert\/\",\"name\":\"Im Jahr 2012 feierte die ITech Consult AG ihr 15-j\\u00e4hriges Jubil\\u00e4um! Seit der Gr\\u00fcndung im Jahr 1997 hat sich einiges ver\\u00e4ndert und auch vergr\\u00f6ssert. - German (DE)\",\"isPartOf\":{\"@id\":\"https:\/\/www.itcag.com\/de\/#website\"},\"datePublished\":\"2013-02-21T13:50:00+00:00\",\"dateModified\":\"2020-12-01T12:11:53+00:00\",\"inLanguage\":\"de-DE\",\"potentialAction\":[{\"@type\":\"ReadAction\",\"target\":[\"https:\/\/www.itcag.com\/de\/2013\/02\/21\/im-jahr-2012-feierte-die-itech-consult-ag-ihr-15-jahriges-jubilaum-seit-der-grundung-im-jahr-1997-hat-sich-einiges-verandert-und-auch-vergrossert\/\"]}]},{\"@type\":\"Article\",\"@id\":\"https:\/\/www.itcag.com\/de\/2013\/02\/21\/im-jahr-2012-feierte-die-itech-consult-ag-ihr-15-jahriges-jubilaum-seit-der-grundung-im-jahr-1997-hat-sich-einiges-verandert-und-auch-vergrossert\/#article\",\"isPartOf\":{\"@id\":\"https:\/\/www.itcag.com\/de\/2013\/02\/21\/im-jahr-2012-feierte-die-itech-consult-ag-ihr-15-jahriges-jubilaum-seit-der-grundung-im-jahr-1997-hat-sich-einiges-verandert-und-auch-vergrossert\/#webpage\"},\"author\":{\"@id\":\"https:\/\/www.itcag.com\/de\/#\/schema\/person\/3a4195b453191494e9022de1bc78ee13\"},\"headline\":\"Im Jahr 2012 feierte die ITech Consult AG ihr 15-j\\u00e4hriges Jubil\\u00e4um! Seit der Gr\\u00fcndung im Jahr 1997 hat sich einiges ver\\u00e4ndert und auch vergr\\u00f6ssert.\",\"datePublished\":\"2013-02-21T13:50:00+00:00\",\"dateModified\":\"2020-12-01T12:11:53+00:00\",\"mainEntityOfPage\":{\"@id\":\"https:\/\/www.itcag.com\/de\/2013\/02\/21\/im-jahr-2012-feierte-die-itech-consult-ag-ihr-15-jahriges-jubilaum-seit-der-grundung-im-jahr-1997-hat-sich-einiges-verandert-und-auch-vergrossert\/#webpage\"},\"publisher\":{\"@id\":\"https:\/\/www.itcag.com\/de\/#organization\"},\"articleSection\":\"News Archive\",\"inLanguage\":\"de-DE\"},{\"@type\":\"Person\",\"@id\":\"https:\/\/www.itcag.com\/de\/#\/schema\/person\/3a4195b453191494e9022de1bc78ee13\",\"name\":\"dev.login\",\"image\":{\"@type\":\"ImageObject\",\"@id\":\"https:\/\/www.itcag.com\/de\/#personlogo\",\"inLanguage\":\"de-DE\",\"url\":\"https:\/\/secure.gravatar.com\/avatar\/1b79a750cbde7bffbf5be15505b13fea?s=96&d=mm&r=g\",\"caption\":\"dev.login\"},\"sameAs\":[\"https:\/\/www.itcag.com\/\"]}]}<\/script>\n<!-- \/ Yoast SEO plugin. -->","_links":{"self":[{"href":"https:\/\/www.itcag.com\/de\/wp-json\/wp\/v2\/posts\/99"}],"collection":[{"href":"https:\/\/www.itcag.com\/de\/wp-json\/wp\/v2\/posts"}],"about":[{"href":"https:\/\/www.itcag.com\/de\/wp-json\/wp\/v2\/types\/post"}],"author":[{"embeddable":true,"href":"https:\/\/www.itcag.com\/de\/wp-json\/wp\/v2\/users\/1"}],"replies":[{"embeddable":true,"href":"https:\/\/www.itcag.com\/de\/wp-json\/wp\/v2\/comments?post=99"}],"version-history":[{"count":0,"href":"https:\/\/www.itcag.com\/de\/wp-json\/wp\/v2\/posts\/99\/revisions"}],"wp:attachment":[{"href":"https:\/\/www.itcag.com\/de\/wp-json\/wp\/v2\/media?parent=99"}],"wp:term":[{"taxonomy":"category","embeddable":true,"href":"https:\/\/www.itcag.com\/de\/wp-json\/wp\/v2\/categories?post=99"},{"taxonomy":"post_tag","embeddable":true,"href":"https:\/\/www.itcag.com\/de\/wp-json\/wp\/v2\/tags?post=99"}],"curies":[{"name":"wp","href":"https:\/\/api.w.org\/{rel}","templated":true}]}}